{"id":317,"date":"2025-01-26T14:51:16","date_gmt":"2025-01-26T13:51:16","guid":{"rendered":"https:\/\/www.milansladekmimefest.eu\/sk\/?p=317"},"modified":"2025-04-26T19:56:38","modified_gmt":"2025-04-26T17:56:38","slug":"vlado-kulisek-sk","status":"publish","type":"post","link":"https:\/\/www.milansladekmimefest.eu\/sk\/2025\/01\/26\/vlado-kulisek-sk\/","title":{"rendered":"Vlado Kul\u00ed\u0161ek (SK)"},"content":{"rendered":"\n<p>Divadlo Fortissimo za\u010dalo profesion\u00e1lne p\u00f4sobi\u0165 od roku 1989. Zakladate\u013emi boli Vlado Kul\u00ed\u0161ek a Radek Michalko. V roku 2018 do\u0161lo k v\u00fdmene hudobn\u00edka, a tak divadlo v s\u00fa\u010dasnosti pracuje v&nbsp;zlo\u017een\u00ed m\u00edm Vlado Kul\u00ed\u0161ek a hudobn\u00edk Vlado Martinek. Divadlo absolvovalo viac ako 5000 jednotliv\u00fdch vyst\u00fapen\u00ed v \u010cech\u00e1ch, na Slovensku a v krajin\u00e1ch Eur\u00f3py, ale napr\u00edklad aj vo Vietname, \u010c\u00edne, K\u00f3rei a USA. Vlado Kul\u00ed\u0161ek s\u00e1m absolvoval e\u0161te desiatky humanit\u00e1rnych predstaven\u00ed v Rusku, Japonsku, Indon\u00e9zii, Malajzii, Kambod\u017ei a podobne.<\/p>\n\n\n\n<p><br><strong>Smetiak<\/strong><\/p>\n\n\n\n<p>Predstavenie \u201eSmetiak\u201c je zalo\u017een\u00e9 na intenz\u00edvnej spolupr\u00e1ci V. Kul\u00ed\u0161ka s obecenstvom. V tomto programe Vlado rozohr\u00e1va cel\u00fd rad komick\u00fdch ale aj poetick\u00fdch sc\u00e9nok zo situ\u00e1cie, ktor\u00e1 je v svojej podstate tragick\u00e1 \u2013 be\u017en\u00fd de\u0148 bezdomovca, ktor\u00fd b\u00fdva v starom smetiaku. Predvedie v\u00e1m, ako je mo\u017en\u00e9 oby\u010dajn\u00e9 veci pou\u017e\u00edva\u0165 neoby\u010dajne, ako premeni\u0165 oby\u010dajn\u00fd smetiak v kozmick\u00fa lo\u010f, automobil alebo morsk\u00fd kor\u00e1b. Predstavenie je ur\u010den\u00e9 pre deti od 6 do 99 rokov.<\/p>\n\n\n\n<p>piatok 30.5. 2025 17:00 hod. Pe\u0161ia z\u00f3na, P\u00fachov Zdarma<\/p>\n","protected":false},"excerpt":{"rendered":"<p>Divadlo Fortissimo za\u010dalo profesion\u00e1lne p\u00f4sobi\u0165 od roku 1989. Zakladate\u013emi boli Vlado Kul\u00ed\u0161ek a Radek Michalko. V roku 2018 do\u0161lo k v\u00fdmene hudobn\u00edka,<\/p>\n","protected":false},"author":1,"featured_media":296,"comment_status":"closed","ping_status":"closed","sticky":false,"template":"","format":"standard","meta":{"_acf_changed":false,"_monsterinsights_skip_tracking":false,"_monsterinsights_sitenote_active":false,"_monsterinsights_sitenote_note":"","_monsterinsights_sitenote_category":0,"_uf_show_specific_survey":0,"_uf_disable_surveys":false,"two_page_speed":[],"footnotes":""},"categories":[9,10],"tags":[],"class_list":["post-317","post","type-post","status-publish","format-standard","has-post-thumbnail","hentry","category-herci","category-predstavenia"],"acf":[],"yoast_head":"<!-- This site is optimized with the Yoast SEO plugin v24.2 - https:\/\/yoast.com\/wordpress\/plugins\/seo\/ -->\n<title>Vlado Kul\u00ed\u0161ek (SK) - milansladekmimefest.eu<\/title>\n<meta name=\"robots\" content=\"index, follow, max-snippet:-1, max-image-preview:large, max-video-preview:-1\" \/>\n<link rel=\"canonical\" href=\"https:\/\/www.milansladekmimefest.eu\/sk\/2025\/01\/26\/vlado-kulisek-sk\/\" \/>\n<meta property=\"og:locale\" content=\"sk_SK\" \/>\n<meta property=\"og:type\" content=\"article\" \/>\n<meta property=\"og:title\" content=\"Vlado Kul\u00ed\u0161ek (SK) - milansladekmimefest.eu\" \/>\n<meta property=\"og:description\" content=\"Divadlo Fortissimo za\u010dalo profesion\u00e1lne p\u00f4sobi\u0165 od roku 1989. Zakladate\u013emi boli Vlado Kul\u00ed\u0161ek a Radek Michalko. V roku 2018 do\u0161lo k v\u00fdmene hudobn\u00edka,\" \/>\n<meta property=\"og:url\" content=\"https:\/\/www.milansladekmimefest.eu\/sk\/2025\/01\/26\/vlado-kulisek-sk\/\" \/>\n<meta property=\"og:site_name\" content=\"milansladekmimefest.eu\" \/>\n<meta property=\"article:published_time\" content=\"2025-01-26T13:51:16+00:00\" \/>\n<meta property=\"article:modified_time\" content=\"2025-04-26T17:56:38+00:00\" \/>\n<meta property=\"og:image\" content=\"https:\/\/www.milansladekmimefest.eu\/sk\/wp-content\/uploads\/2025\/01\/Kulisek_web_portfolio.jpg\" \/>\n\t<meta property=\"og:image:width\" content=\"354\" \/>\n\t<meta property=\"og:image:height\" content=\"473\" \/>\n\t<meta property=\"og:image:type\" content=\"image\/jpeg\" \/>\n<meta name=\"author\" content=\"eljepro@gmail.co\" \/>\n<meta name=\"twitter:card\" content=\"summary_large_image\" \/>\n<meta name=\"twitter:label1\" content=\"Autor\" \/>\n\t<meta name=\"twitter:data1\" content=\"eljepro@gmail.co\" \/>\n\t<meta name=\"twitter:label2\" content=\"Predpokladan\u00fd \u010das \u010d\u00edtania\" \/>\n\t<meta name=\"twitter:data2\" content=\"2 min\u00faty\" \/>\n<script type=\"application\/ld+json\" class=\"yoast-schema-graph\">{\"@context\":\"https:\/\/schema.org\",\"@graph\":[{\"@type\":\"WebPage\",\"@id\":\"https:\/\/www.milansladekmimefest.eu\/sk\/2025\/01\/26\/vlado-kulisek-sk\/\",\"url\":\"https:\/\/www.milansladekmimefest.eu\/sk\/2025\/01\/26\/vlado-kulisek-sk\/\",\"name\":\"Vlado Kul\u00ed\u0161ek (SK) - milansladekmimefest.eu\",\"isPartOf\":{\"@id\":\"https:\/\/www.milansladekmimefest.eu\/sk\/#website\"},\"primaryImageOfPage\":{\"@id\":\"https:\/\/www.milansladekmimefest.eu\/sk\/2025\/01\/26\/vlado-kulisek-sk\/#primaryimage\"},\"image\":{\"@id\":\"https:\/\/www.milansladekmimefest.eu\/sk\/2025\/01\/26\/vlado-kulisek-sk\/#primaryimage\"},\"thumbnailUrl\":\"https:\/\/www.milansladekmimefest.eu\/sk\/wp-content\/uploads\/2025\/01\/Kulisek_web_portfolio.jpg\",\"datePublished\":\"2025-01-26T13:51:16+00:00\",\"dateModified\":\"2025-04-26T17:56:38+00:00\",\"author\":{\"@id\":\"https:\/\/www.milansladekmimefest.eu\/sk\/#\/schema\/person\/572ebca59e8104899783ebfc75d72814\"},\"breadcrumb\":{\"@id\":\"https:\/\/www.milansladekmimefest.eu\/sk\/2025\/01\/26\/vlado-kulisek-sk\/#breadcrumb\"},\"inLanguage\":\"sk-SK\",\"potentialAction\":[{\"@type\":\"ReadAction\",\"target\":[\"https:\/\/www.milansladekmimefest.eu\/sk\/2025\/01\/26\/vlado-kulisek-sk\/\"]}]},{\"@type\":\"ImageObject\",\"inLanguage\":\"sk-SK\",\"@id\":\"https:\/\/www.milansladekmimefest.eu\/sk\/2025\/01\/26\/vlado-kulisek-sk\/#primaryimage\",\"url\":\"https:\/\/www.milansladekmimefest.eu\/sk\/wp-content\/uploads\/2025\/01\/Kulisek_web_portfolio.jpg\",\"contentUrl\":\"https:\/\/www.milansladekmimefest.eu\/sk\/wp-content\/uploads\/2025\/01\/Kulisek_web_portfolio.jpg\",\"width\":354,\"height\":473},{\"@type\":\"BreadcrumbList\",\"@id\":\"https:\/\/www.milansladekmimefest.eu\/sk\/2025\/01\/26\/vlado-kulisek-sk\/#breadcrumb\",\"itemListElement\":[{\"@type\":\"ListItem\",\"position\":1,\"name\":\"Home\",\"item\":\"https:\/\/www.milansladekmimefest.eu\/sk\/\"},{\"@type\":\"ListItem\",\"position\":2,\"name\":\"Vlado Kul\u00ed\u0161ek (SK)\"}]},{\"@type\":\"WebSite\",\"@id\":\"https:\/\/www.milansladekmimefest.eu\/sk\/#website\",\"url\":\"https:\/\/www.milansladekmimefest.eu\/sk\/\",\"name\":\"milansladekmimefest.eu\",\"description\":\"\",\"potentialAction\":[{\"@type\":\"SearchAction\",\"target\":{\"@type\":\"EntryPoint\",\"urlTemplate\":\"https:\/\/www.milansladekmimefest.eu\/sk\/?s={search_term_string}\"},\"query-input\":{\"@type\":\"PropertyValueSpecification\",\"valueRequired\":true,\"valueName\":\"search_term_string\"}}],\"inLanguage\":\"sk-SK\"},{\"@type\":\"Person\",\"@id\":\"https:\/\/www.milansladekmimefest.eu\/sk\/#\/schema\/person\/572ebca59e8104899783ebfc75d72814\",\"name\":\"eljepro@gmail.co\",\"image\":{\"@type\":\"ImageObject\",\"inLanguage\":\"sk-SK\",\"@id\":\"https:\/\/www.milansladekmimefest.eu\/sk\/#\/schema\/person\/image\/\",\"url\":\"https:\/\/secure.gravatar.com\/avatar\/05f104242e34ce1a28beb67ad060926bf7d57959b4736641ae3f6e81098baa18?s=96&d=mm&r=g\",\"contentUrl\":\"https:\/\/secure.gravatar.com\/avatar\/05f104242e34ce1a28beb67ad060926bf7d57959b4736641ae3f6e81098baa18?s=96&d=mm&r=g\",\"caption\":\"eljepro@gmail.co\"},\"sameAs\":[\"https:\/\/www.milansladekmimefest.eu\/sk\"],\"url\":\"https:\/\/www.milansladekmimefest.eu\/sk\/author\/eljeprogmail-co\/\"}]}<\/script>\n<!-- \/ Yoast SEO plugin. -->","yoast_head_json":{"title":"Vlado Kul\u00ed\u0161ek (SK) - milansladekmimefest.eu","robots":{"index":"index","follow":"follow","max-snippet":"max-snippet:-1","max-image-preview":"max-image-preview:large","max-video-preview":"max-video-preview:-1"},"canonical":"https:\/\/www.milansladekmimefest.eu\/sk\/2025\/01\/26\/vlado-kulisek-sk\/","og_locale":"sk_SK","og_type":"article","og_title":"Vlado Kul\u00ed\u0161ek (SK) - milansladekmimefest.eu","og_description":"Divadlo Fortissimo za\u010dalo profesion\u00e1lne p\u00f4sobi\u0165 od roku 1989. Zakladate\u013emi boli Vlado Kul\u00ed\u0161ek a Radek Michalko. V roku 2018 do\u0161lo k v\u00fdmene hudobn\u00edka,","og_url":"https:\/\/www.milansladekmimefest.eu\/sk\/2025\/01\/26\/vlado-kulisek-sk\/","og_site_name":"milansladekmimefest.eu","article_published_time":"2025-01-26T13:51:16+00:00","article_modified_time":"2025-04-26T17:56:38+00:00","og_image":[{"width":354,"height":473,"url":"https:\/\/www.milansladekmimefest.eu\/sk\/wp-content\/uploads\/2025\/01\/Kulisek_web_portfolio.jpg","type":"image\/jpeg"}],"author":"eljepro@gmail.co","twitter_card":"summary_large_image","twitter_misc":{"Autor":"eljepro@gmail.co","Predpokladan\u00fd \u010das \u010d\u00edtania":"2 min\u00faty"},"schema":{"@context":"https:\/\/schema.org","@graph":[{"@type":"WebPage","@id":"https:\/\/www.milansladekmimefest.eu\/sk\/2025\/01\/26\/vlado-kulisek-sk\/","url":"https:\/\/www.milansladekmimefest.eu\/sk\/2025\/01\/26\/vlado-kulisek-sk\/","name":"Vlado Kul\u00ed\u0161ek (SK) - milansladekmimefest.eu","isPartOf":{"@id":"https:\/\/www.milansladekmimefest.eu\/sk\/#website"},"primaryImageOfPage":{"@id":"https:\/\/www.milansladekmimefest.eu\/sk\/2025\/01\/26\/vlado-kulisek-sk\/#primaryimage"},"image":{"@id":"https:\/\/www.milansladekmimefest.eu\/sk\/2025\/01\/26\/vlado-kulisek-sk\/#primaryimage"},"thumbnailUrl":"https:\/\/www.milansladekmimefest.eu\/sk\/wp-content\/uploads\/2025\/01\/Kulisek_web_portfolio.jpg","datePublished":"2025-01-26T13:51:16+00:00","dateModified":"2025-04-26T17:56:38+00:00","author":{"@id":"https:\/\/www.milansladekmimefest.eu\/sk\/#\/schema\/person\/572ebca59e8104899783ebfc75d72814"},"breadcrumb":{"@id":"https:\/\/www.milansladekmimefest.eu\/sk\/2025\/01\/26\/vlado-kulisek-sk\/#breadcrumb"},"inLanguage":"sk-SK","potentialAction":[{"@type":"ReadAction","target":["https:\/\/www.milansladekmimefest.eu\/sk\/2025\/01\/26\/vlado-kulisek-sk\/"]}]},{"@type":"ImageObject","inLanguage":"sk-SK","@id":"https:\/\/www.milansladekmimefest.eu\/sk\/2025\/01\/26\/vlado-kulisek-sk\/#primaryimage","url":"https:\/\/www.milansladekmimefest.eu\/sk\/wp-content\/uploads\/2025\/01\/Kulisek_web_portfolio.jpg","contentUrl":"https:\/\/www.milansladekmimefest.eu\/sk\/wp-content\/uploads\/2025\/01\/Kulisek_web_portfolio.jpg","width":354,"height":473},{"@type":"BreadcrumbList","@id":"https:\/\/www.milansladekmimefest.eu\/sk\/2025\/01\/26\/vlado-kulisek-sk\/#breadcrumb","itemListElement":[{"@type":"ListItem","position":1,"name":"Home","item":"https:\/\/www.milansladekmimefest.eu\/sk\/"},{"@type":"ListItem","position":2,"name":"Vlado Kul\u00ed\u0161ek (SK)"}]},{"@type":"WebSite","@id":"https:\/\/www.milansladekmimefest.eu\/sk\/#website","url":"https:\/\/www.milansladekmimefest.eu\/sk\/","name":"milansladekmimefest.eu","description":"","potentialAction":[{"@type":"SearchAction","target":{"@type":"EntryPoint","urlTemplate":"https:\/\/www.milansladekmimefest.eu\/sk\/?s={search_term_string}"},"query-input":{"@type":"PropertyValueSpecification","valueRequired":true,"valueName":"search_term_string"}}],"inLanguage":"sk-SK"},{"@type":"Person","@id":"https:\/\/www.milansladekmimefest.eu\/sk\/#\/schema\/person\/572ebca59e8104899783ebfc75d72814","name":"eljepro@gmail.co","image":{"@type":"ImageObject","inLanguage":"sk-SK","@id":"https:\/\/www.milansladekmimefest.eu\/sk\/#\/schema\/person\/image\/","url":"https:\/\/secure.gravatar.com\/avatar\/05f104242e34ce1a28beb67ad060926bf7d57959b4736641ae3f6e81098baa18?s=96&d=mm&r=g","contentUrl":"https:\/\/secure.gravatar.com\/avatar\/05f104242e34ce1a28beb67ad060926bf7d57959b4736641ae3f6e81098baa18?s=96&d=mm&r=g","caption":"eljepro@gmail.co"},"sameAs":["https:\/\/www.milansladekmimefest.eu\/sk"],"url":"https:\/\/www.milansladekmimefest.eu\/sk\/author\/eljeprogmail-co\/"}]}},"_links":{"self":[{"href":"https:\/\/www.milansladekmimefest.eu\/sk\/wp-json\/wp\/v2\/posts\/317","targetHints":{"allow":["GET"]}}],"collection":[{"href":"https:\/\/www.milansladekmimefest.eu\/sk\/wp-json\/wp\/v2\/posts"}],"about":[{"href":"https:\/\/www.milansladekmimefest.eu\/sk\/wp-json\/wp\/v2\/types\/post"}],"author":[{"embeddable":true,"href":"https:\/\/www.milansladekmimefest.eu\/sk\/wp-json\/wp\/v2\/users\/1"}],"replies":[{"embeddable":true,"href":"https:\/\/www.milansladekmimefest.eu\/sk\/wp-json\/wp\/v2\/comments?post=317"}],"version-history":[{"count":7,"href":"https:\/\/www.milansladekmimefest.eu\/sk\/wp-json\/wp\/v2\/posts\/317\/revisions"}],"predecessor-version":[{"id":1081,"href":"https:\/\/www.milansladekmimefest.eu\/sk\/wp-json\/wp\/v2\/posts\/317\/revisions\/1081"}],"wp:featuredmedia":[{"embeddable":true,"href":"https:\/\/www.milansladekmimefest.eu\/sk\/wp-json\/wp\/v2\/media\/296"}],"wp:attachment":[{"href":"https:\/\/www.milansladekmimefest.eu\/sk\/wp-json\/wp\/v2\/media?parent=317"}],"wp:term":[{"taxonomy":"category","embeddable":true,"href":"https:\/\/www.milansladekmimefest.eu\/sk\/wp-json\/wp\/v2\/categories?post=317"},{"taxonomy":"post_tag","embeddable":true,"href":"https:\/\/www.milansladekmimefest.eu\/sk\/wp-json\/wp\/v2\/tags?post=317"}],"curies":[{"name":"wp","href":"https:\/\/api.w.org\/{rel}","templated":true}]}}