{"id":320,"date":"2025-01-26T14:53:20","date_gmt":"2025-01-26T13:53:20","guid":{"rendered":"https:\/\/www.milansladekmimefest.eu\/sk\/?p=320"},"modified":"2025-03-23T11:03:37","modified_gmt":"2025-03-23T10:03:37","slug":"living-sculptures-sk","status":"publish","type":"post","link":"https:\/\/www.milansladekmimefest.eu\/sk\/2025\/01\/26\/living-sculptures-sk\/","title":{"rendered":"\u017div\u00e9 sochy (SK)"},"content":{"rendered":"\n<p class=\"has-medium-font-size\"><strong>Radovan Michalov &#8211; \u017div\u00e9 sochy (Slovakia)<\/strong><\/p>\n\n\n\n<p>Radovan Michalov je zakladate\u013eom umeleckej skupiny \u017eiv\u00e9ho soch\u00e1rstva Big Names, ktor\u00fa si ur\u010dite pam\u00e4t\u00e1te zo s\u00fa\u0165a\u017ee \u010cesko Slovensko m\u00e1 talent, kde sa prebojovali a\u017e do fin\u00e1le. Od roku 2017 organizuj\u00fa v Spi\u0161skej Novej Vsi Festival \u017div\u00e9 sochy.<\/p>\n\n\n\n<p>streda 28.5. 2025  18:00 hod. Divadlo, Hoenningovo n\u00e1m. 2002, P\u00fachov  Zdarma<\/p>\n\n\n\n<p>\u0161tvrtok 29.5. 2025  15:00 hod. Mestsk\u00fd park, Pova\u017esk\u00e1 Bystrica  Zdarma<\/p>\n\n\n\n<p>piatok 30.5. 2025  15:00 hod. Mierov\u00e9 n\u00e1m., Tren\u010d\u00edn  Zdarma<\/p>\n\n\n\n<p><\/p>\n","protected":false},"excerpt":{"rendered":"<p>Radovan Michalov &#8211; \u017div\u00e9 sochy (Slovakia) Radovan Michalov je zakladate\u013eom umeleckej skupiny \u017eiv\u00e9ho soch\u00e1rstva Big Names, ktor\u00fa si ur\u010dite pam\u00e4t\u00e1te zo s\u00fa\u0165a\u017ee<\/p>\n","protected":false},"author":1,"featured_media":294,"comment_status":"closed","ping_status":"closed","sticky":false,"template":"","format":"standard","meta":{"_acf_changed":false,"_monsterinsights_skip_tracking":false,"_monsterinsights_sitenote_active":false,"_monsterinsights_sitenote_note":"","_monsterinsights_sitenote_category":0,"_uf_show_specific_survey":0,"_uf_disable_surveys":false,"two_page_speed":[],"footnotes":""},"categories":[9,11],"tags":[],"class_list":["post-320","post","type-post","status-publish","format-standard","has-post-thumbnail","hentry","category-herci","category-vystavy"],"acf":[],"yoast_head":"<!-- This site is optimized with the Yoast SEO plugin v24.2 - https:\/\/yoast.com\/wordpress\/plugins\/seo\/ -->\n<title>\u017div\u00e9 sochy (SK) - milansladekmimefest.eu<\/title>\n<meta name=\"robots\" content=\"index, follow, max-snippet:-1, max-image-preview:large, max-video-preview:-1\" \/>\n<link rel=\"canonical\" href=\"https:\/\/www.milansladekmimefest.eu\/sk\/2025\/01\/26\/living-sculptures-sk\/\" \/>\n<meta property=\"og:locale\" content=\"sk_SK\" \/>\n<meta property=\"og:type\" content=\"article\" \/>\n<meta property=\"og:title\" content=\"\u017div\u00e9 sochy (SK) - milansladekmimefest.eu\" \/>\n<meta property=\"og:description\" content=\"Radovan Michalov &#8211; \u017div\u00e9 sochy (Slovakia) Radovan Michalov je zakladate\u013eom umeleckej skupiny \u017eiv\u00e9ho soch\u00e1rstva Big Names, ktor\u00fa si ur\u010dite pam\u00e4t\u00e1te zo s\u00fa\u0165a\u017ee\" \/>\n<meta property=\"og:url\" content=\"https:\/\/www.milansladekmimefest.eu\/sk\/2025\/01\/26\/living-sculptures-sk\/\" \/>\n<meta property=\"og:site_name\" content=\"milansladekmimefest.eu\" \/>\n<meta property=\"article:published_time\" content=\"2025-01-26T13:53:20+00:00\" \/>\n<meta property=\"article:modified_time\" content=\"2025-03-23T10:03:37+00:00\" \/>\n<meta property=\"og:image\" content=\"https:\/\/www.milansladekmimefest.eu\/sk\/wp-content\/uploads\/2025\/01\/csm_zive-sochy-banner_899f8b7cb9.jpg\" \/>\n\t<meta property=\"og:image:width\" content=\"800\" \/>\n\t<meta property=\"og:image:height\" content=\"334\" \/>\n\t<meta property=\"og:image:type\" content=\"image\/jpeg\" \/>\n<meta name=\"author\" content=\"eljepro@gmail.co\" \/>\n<meta name=\"twitter:card\" content=\"summary_large_image\" \/>\n<meta name=\"twitter:label1\" content=\"Autor\" \/>\n\t<meta name=\"twitter:data1\" content=\"eljepro@gmail.co\" \/>\n\t<meta name=\"twitter:label2\" content=\"Predpokladan\u00fd \u010das \u010d\u00edtania\" \/>\n\t<meta name=\"twitter:data2\" content=\"1 min\u00fata\" \/>\n<script type=\"application\/ld+json\" class=\"yoast-schema-graph\">{\"@context\":\"https:\/\/schema.org\",\"@graph\":[{\"@type\":\"WebPage\",\"@id\":\"https:\/\/www.milansladekmimefest.eu\/sk\/2025\/01\/26\/living-sculptures-sk\/\",\"url\":\"https:\/\/www.milansladekmimefest.eu\/sk\/2025\/01\/26\/living-sculptures-sk\/\",\"name\":\"\u017div\u00e9 sochy (SK) - milansladekmimefest.eu\",\"isPartOf\":{\"@id\":\"https:\/\/www.milansladekmimefest.eu\/sk\/#website\"},\"primaryImageOfPage\":{\"@id\":\"https:\/\/www.milansladekmimefest.eu\/sk\/2025\/01\/26\/living-sculptures-sk\/#primaryimage\"},\"image\":{\"@id\":\"https:\/\/www.milansladekmimefest.eu\/sk\/2025\/01\/26\/living-sculptures-sk\/#primaryimage\"},\"thumbnailUrl\":\"https:\/\/www.milansladekmimefest.eu\/sk\/wp-content\/uploads\/2025\/01\/csm_zive-sochy-banner_899f8b7cb9.jpg\",\"datePublished\":\"2025-01-26T13:53:20+00:00\",\"dateModified\":\"2025-03-23T10:03:37+00:00\",\"author\":{\"@id\":\"https:\/\/www.milansladekmimefest.eu\/sk\/#\/schema\/person\/572ebca59e8104899783ebfc75d72814\"},\"breadcrumb\":{\"@id\":\"https:\/\/www.milansladekmimefest.eu\/sk\/2025\/01\/26\/living-sculptures-sk\/#breadcrumb\"},\"inLanguage\":\"sk-SK\",\"potentialAction\":[{\"@type\":\"ReadAction\",\"target\":[\"https:\/\/www.milansladekmimefest.eu\/sk\/2025\/01\/26\/living-sculptures-sk\/\"]}]},{\"@type\":\"ImageObject\",\"inLanguage\":\"sk-SK\",\"@id\":\"https:\/\/www.milansladekmimefest.eu\/sk\/2025\/01\/26\/living-sculptures-sk\/#primaryimage\",\"url\":\"https:\/\/www.milansladekmimefest.eu\/sk\/wp-content\/uploads\/2025\/01\/csm_zive-sochy-banner_899f8b7cb9.jpg\",\"contentUrl\":\"https:\/\/www.milansladekmimefest.eu\/sk\/wp-content\/uploads\/2025\/01\/csm_zive-sochy-banner_899f8b7cb9.jpg\",\"width\":800,\"height\":334},{\"@type\":\"BreadcrumbList\",\"@id\":\"https:\/\/www.milansladekmimefest.eu\/sk\/2025\/01\/26\/living-sculptures-sk\/#breadcrumb\",\"itemListElement\":[{\"@type\":\"ListItem\",\"position\":1,\"name\":\"Home\",\"item\":\"https:\/\/www.milansladekmimefest.eu\/sk\/\"},{\"@type\":\"ListItem\",\"position\":2,\"name\":\"\u017div\u00e9 sochy (SK)\"}]},{\"@type\":\"WebSite\",\"@id\":\"https:\/\/www.milansladekmimefest.eu\/sk\/#website\",\"url\":\"https:\/\/www.milansladekmimefest.eu\/sk\/\",\"name\":\"milansladekmimefest.eu\",\"description\":\"\",\"potentialAction\":[{\"@type\":\"SearchAction\",\"target\":{\"@type\":\"EntryPoint\",\"urlTemplate\":\"https:\/\/www.milansladekmimefest.eu\/sk\/?s={search_term_string}\"},\"query-input\":{\"@type\":\"PropertyValueSpecification\",\"valueRequired\":true,\"valueName\":\"search_term_string\"}}],\"inLanguage\":\"sk-SK\"},{\"@type\":\"Person\",\"@id\":\"https:\/\/www.milansladekmimefest.eu\/sk\/#\/schema\/person\/572ebca59e8104899783ebfc75d72814\",\"name\":\"eljepro@gmail.co\",\"image\":{\"@type\":\"ImageObject\",\"inLanguage\":\"sk-SK\",\"@id\":\"https:\/\/www.milansladekmimefest.eu\/sk\/#\/schema\/person\/image\/\",\"url\":\"https:\/\/secure.gravatar.com\/avatar\/05f104242e34ce1a28beb67ad060926bf7d57959b4736641ae3f6e81098baa18?s=96&d=mm&r=g\",\"contentUrl\":\"https:\/\/secure.gravatar.com\/avatar\/05f104242e34ce1a28beb67ad060926bf7d57959b4736641ae3f6e81098baa18?s=96&d=mm&r=g\",\"caption\":\"eljepro@gmail.co\"},\"sameAs\":[\"https:\/\/www.milansladekmimefest.eu\/sk\"],\"url\":\"https:\/\/www.milansladekmimefest.eu\/sk\/author\/eljeprogmail-co\/\"}]}<\/script>\n<!-- \/ Yoast SEO plugin. -->","yoast_head_json":{"title":"\u017div\u00e9 sochy (SK) - milansladekmimefest.eu","robots":{"index":"index","follow":"follow","max-snippet":"max-snippet:-1","max-image-preview":"max-image-preview:large","max-video-preview":"max-video-preview:-1"},"canonical":"https:\/\/www.milansladekmimefest.eu\/sk\/2025\/01\/26\/living-sculptures-sk\/","og_locale":"sk_SK","og_type":"article","og_title":"\u017div\u00e9 sochy (SK) - milansladekmimefest.eu","og_description":"Radovan Michalov &#8211; \u017div\u00e9 sochy (Slovakia) Radovan Michalov je zakladate\u013eom umeleckej skupiny \u017eiv\u00e9ho soch\u00e1rstva Big Names, ktor\u00fa si ur\u010dite pam\u00e4t\u00e1te zo s\u00fa\u0165a\u017ee","og_url":"https:\/\/www.milansladekmimefest.eu\/sk\/2025\/01\/26\/living-sculptures-sk\/","og_site_name":"milansladekmimefest.eu","article_published_time":"2025-01-26T13:53:20+00:00","article_modified_time":"2025-03-23T10:03:37+00:00","og_image":[{"width":800,"height":334,"url":"https:\/\/www.milansladekmimefest.eu\/sk\/wp-content\/uploads\/2025\/01\/csm_zive-sochy-banner_899f8b7cb9.jpg","type":"image\/jpeg"}],"author":"eljepro@gmail.co","twitter_card":"summary_large_image","twitter_misc":{"Autor":"eljepro@gmail.co","Predpokladan\u00fd \u010das \u010d\u00edtania":"1 min\u00fata"},"schema":{"@context":"https:\/\/schema.org","@graph":[{"@type":"WebPage","@id":"https:\/\/www.milansladekmimefest.eu\/sk\/2025\/01\/26\/living-sculptures-sk\/","url":"https:\/\/www.milansladekmimefest.eu\/sk\/2025\/01\/26\/living-sculptures-sk\/","name":"\u017div\u00e9 sochy (SK) - milansladekmimefest.eu","isPartOf":{"@id":"https:\/\/www.milansladekmimefest.eu\/sk\/#website"},"primaryImageOfPage":{"@id":"https:\/\/www.milansladekmimefest.eu\/sk\/2025\/01\/26\/living-sculptures-sk\/#primaryimage"},"image":{"@id":"https:\/\/www.milansladekmimefest.eu\/sk\/2025\/01\/26\/living-sculptures-sk\/#primaryimage"},"thumbnailUrl":"https:\/\/www.milansladekmimefest.eu\/sk\/wp-content\/uploads\/2025\/01\/csm_zive-sochy-banner_899f8b7cb9.jpg","datePublished":"2025-01-26T13:53:20+00:00","dateModified":"2025-03-23T10:03:37+00:00","author":{"@id":"https:\/\/www.milansladekmimefest.eu\/sk\/#\/schema\/person\/572ebca59e8104899783ebfc75d72814"},"breadcrumb":{"@id":"https:\/\/www.milansladekmimefest.eu\/sk\/2025\/01\/26\/living-sculptures-sk\/#breadcrumb"},"inLanguage":"sk-SK","potentialAction":[{"@type":"ReadAction","target":["https:\/\/www.milansladekmimefest.eu\/sk\/2025\/01\/26\/living-sculptures-sk\/"]}]},{"@type":"ImageObject","inLanguage":"sk-SK","@id":"https:\/\/www.milansladekmimefest.eu\/sk\/2025\/01\/26\/living-sculptures-sk\/#primaryimage","url":"https:\/\/www.milansladekmimefest.eu\/sk\/wp-content\/uploads\/2025\/01\/csm_zive-sochy-banner_899f8b7cb9.jpg","contentUrl":"https:\/\/www.milansladekmimefest.eu\/sk\/wp-content\/uploads\/2025\/01\/csm_zive-sochy-banner_899f8b7cb9.jpg","width":800,"height":334},{"@type":"BreadcrumbList","@id":"https:\/\/www.milansladekmimefest.eu\/sk\/2025\/01\/26\/living-sculptures-sk\/#breadcrumb","itemListElement":[{"@type":"ListItem","position":1,"name":"Home","item":"https:\/\/www.milansladekmimefest.eu\/sk\/"},{"@type":"ListItem","position":2,"name":"\u017div\u00e9 sochy (SK)"}]},{"@type":"WebSite","@id":"https:\/\/www.milansladekmimefest.eu\/sk\/#website","url":"https:\/\/www.milansladekmimefest.eu\/sk\/","name":"milansladekmimefest.eu","description":"","potentialAction":[{"@type":"SearchAction","target":{"@type":"EntryPoint","urlTemplate":"https:\/\/www.milansladekmimefest.eu\/sk\/?s={search_term_string}"},"query-input":{"@type":"PropertyValueSpecification","valueRequired":true,"valueName":"search_term_string"}}],"inLanguage":"sk-SK"},{"@type":"Person","@id":"https:\/\/www.milansladekmimefest.eu\/sk\/#\/schema\/person\/572ebca59e8104899783ebfc75d72814","name":"eljepro@gmail.co","image":{"@type":"ImageObject","inLanguage":"sk-SK","@id":"https:\/\/www.milansladekmimefest.eu\/sk\/#\/schema\/person\/image\/","url":"https:\/\/secure.gravatar.com\/avatar\/05f104242e34ce1a28beb67ad060926bf7d57959b4736641ae3f6e81098baa18?s=96&d=mm&r=g","contentUrl":"https:\/\/secure.gravatar.com\/avatar\/05f104242e34ce1a28beb67ad060926bf7d57959b4736641ae3f6e81098baa18?s=96&d=mm&r=g","caption":"eljepro@gmail.co"},"sameAs":["https:\/\/www.milansladekmimefest.eu\/sk"],"url":"https:\/\/www.milansladekmimefest.eu\/sk\/author\/eljeprogmail-co\/"}]}},"_links":{"self":[{"href":"https:\/\/www.milansladekmimefest.eu\/sk\/wp-json\/wp\/v2\/posts\/320","targetHints":{"allow":["GET"]}}],"collection":[{"href":"https:\/\/www.milansladekmimefest.eu\/sk\/wp-json\/wp\/v2\/posts"}],"about":[{"href":"https:\/\/www.milansladekmimefest.eu\/sk\/wp-json\/wp\/v2\/types\/post"}],"author":[{"embeddable":true,"href":"https:\/\/www.milansladekmimefest.eu\/sk\/wp-json\/wp\/v2\/users\/1"}],"replies":[{"embeddable":true,"href":"https:\/\/www.milansladekmimefest.eu\/sk\/wp-json\/wp\/v2\/comments?post=320"}],"version-history":[{"count":4,"href":"https:\/\/www.milansladekmimefest.eu\/sk\/wp-json\/wp\/v2\/posts\/320\/revisions"}],"predecessor-version":[{"id":958,"href":"https:\/\/www.milansladekmimefest.eu\/sk\/wp-json\/wp\/v2\/posts\/320\/revisions\/958"}],"wp:featuredmedia":[{"embeddable":true,"href":"https:\/\/www.milansladekmimefest.eu\/sk\/wp-json\/wp\/v2\/media\/294"}],"wp:attachment":[{"href":"https:\/\/www.milansladekmimefest.eu\/sk\/wp-json\/wp\/v2\/media?parent=320"}],"wp:term":[{"taxonomy":"category","embeddable":true,"href":"https:\/\/www.milansladekmimefest.eu\/sk\/wp-json\/wp\/v2\/categories?post=320"},{"taxonomy":"post_tag","embeddable":true,"href":"https:\/\/www.milansladekmimefest.eu\/sk\/wp-json\/wp\/v2\/tags?post=320"}],"curies":[{"name":"wp","href":"https:\/\/api.w.org\/{rel}","templated":true}]}}